[{"@context":"https:\/\/schema.org\/","@type":"Article","@id":"https:\/\/www.rypson.cz\/esteticke-schodiste-ktere-zaujme-vsechny\/#Article","mainEntityOfPage":"https:\/\/www.rypson.cz\/esteticke-schodiste-ktere-zaujme-vsechny\/","headline":"Estetick\u00e9 schodi\u0161t\u011b, kter\u00e9 zaujme v\u0161echny","name":"Estetick\u00e9 schodi\u0161t\u011b, kter\u00e9 zaujme v\u0161echny","description":"Pokud vlastn\u00edme d\u016fm, kter\u00fd m\u00e1 v\u00edce pater, v\u00edme, \u017ee b\u00fdv\u00e1 \u010dasto probl\u00e9m s v\u00fdb\u011brem schodi\u0161t\u011b a s jeho cenou? Je to p\u0159eci jen \u010d\u00e1st domu, kter\u00e1 zab\u00edr\u00e1 v\u011bt\u0161inou v\u00edce prostoru, a tak chceme, aby tato \u010d\u00e1st vypadala vzhledn\u011b. Abychom vhodn\u011b vybrali schodi\u0161t\u011b a jeho tvar, m\u016f\u017ee to b\u00fdt z\u00e1ludn\u00e1 v\u011bc. Kdy\u017e u\u017e m\u00e1me m\u00edt velk\u00e9&hellip;","datePublished":"2022-03-31","dateModified":"2023-04-30","author":{"@type":"Person","@id":"https:\/\/www.rypson.cz\/author\/#Person","name":"","url":"https:\/\/www.rypson.cz\/author\/","identifier":1,"image":{"@type":"ImageObject","@id":"https:\/\/secure.gravatar.com\/avatar\/a231d13c7dfc9c75f2343f864438f5ab9c0bfebd1aa37dfd3bb16118c04f838c?s=96&d=mm&r=g","url":"https:\/\/secure.gravatar.com\/avatar\/a231d13c7dfc9c75f2343f864438f5ab9c0bfebd1aa37dfd3bb16118c04f838c?s=96&d=mm&r=g","height":96,"width":96}},"publisher":{"@type":"Organization","name":"rypson.cz","logo":{"@type":"ImageObject","@id":"\/logo.png","url":"\/logo.png","width":600,"height":60}},"image":{"@type":"ImageObject","@id":"https:\/\/www.rypson.cz\/wp-content\/uploads\/obloukove-schodiste__mi001-628.jpg","url":"https:\/\/www.rypson.cz\/wp-content\/uploads\/obloukove-schodiste__mi001-628.jpg","height":0,"width":0},"url":"https:\/\/www.rypson.cz\/esteticke-schodiste-ktere-zaujme-vsechny\/","about":["Produkty"],"wordCount":425,"articleBody":"     Pokud vlastn\u00edme d\u016fm, kter\u00fd m\u00e1 v\u00edce pater, v\u00edme, \u017ee b\u00fdv\u00e1 \u010dasto probl\u00e9m s v\u00fdb\u011brem schodi\u0161t\u011b a s jeho cenou? Je to p\u0159eci jen \u010d\u00e1st domu, kter\u00e1 zab\u00edr\u00e1 v\u011bt\u0161inou v\u00edce prostoru, a tak chceme, aby tato \u010d\u00e1st vypadala vzhledn\u011b. Abychom vhodn\u011b vybrali schodi\u0161t\u011b a jeho tvar, m\u016f\u017ee to b\u00fdt z\u00e1ludn\u00e1 v\u011bc. Kdy\u017e u\u017e m\u00e1me m\u00edt velk\u00e9 schodi\u0161t\u011b, nechceme ho ni\u010d\u00edm schovat, naopak by bylo nejlep\u0161\u00ed mo\u017enost\u00ed, kdyby schodi\u0161t\u011b p\u0159\u00edmo zapadalo do interi\u00e9ru domu. Tak\u017ee schodi\u0161t\u011b by m\u011bly b\u00fdt esteticky vzhlednou z\u00e1le\u017eitost\u00ed, pokud chceme, aby se n\u00e1v\u0161t\u011bv\u00e1m a hlavn\u011b n\u00e1m, po schodech dob\u0159e chodilo a tak\u00e9 samoz\u0159ejm\u011b, aby se n\u00e1m v dom\u011b schodi\u0161t\u011b l\u00edbilo.Schodi\u0161t\u011b a z\u00e1bradl\u00ed od truhl\u00e1\u0159stv\u00ed Havl\u00ed\u010dek nab\u00edz\u00ed origin\u00e1ln\u00ed, elegantn\u00ed a byteln\u00e1 schodi\u0161t\u011b, kter\u00e1 budou nep\u0159ehl\u00e9dnutelnou sou\u010d\u00e1st\u00ed va\u0161eho domova. D\u016fle\u017eitou slo\u017ekou v\u00fdb\u011bru schod\u016f je hlavn\u011b prostor, tedy kolik m\u00edsta m\u00e1me na postaven\u00ed schodi\u0161t\u011b. Podle t\u011bchto faktor\u016f se vyb\u00edr\u00e1, jestli by schodi\u0161t\u011b m\u011blo b\u00fdt, kter\u00e9 b\u00fdv\u00e1 instalov\u00e1no p\u0159edev\u0161\u00edm do mal\u00fdch prostor, a to jsou samonosn\u00e9 schodi\u0161t\u011b nebo nap\u0159\u00edklad schodnicov\u00e9 schodi\u0161t\u011b, co\u017e je nej\u010dast\u011bj\u0161\u00edm typem kovov\u00fdch i d\u0159ev\u011bn\u00fdch schodi\u0161\u0165. Typ\u016f a r\u016fzn\u00fdch variant schod\u016f truhl\u00e1\u0159stv\u00ed nab\u00edz\u00ed bohat\u011b mnoho, tedy a\u0165 u\u017e m\u00e1te jak\u00e9koliv p\u0159edstavy, zde v\u00e1m spln\u00ed p\u0159esn\u011b to, co hled\u00e1te.D\u016fle\u017eit\u00fdm faktorem schodi\u0161\u0165 tak\u00e9 b\u00fdvaj\u00ed samoz\u0159ejm\u011b madla, bez nic by schodi\u0161t\u011b by p\u0159eci jen zvl\u00e1\u0161tn\u00ed. Maj\u00ed nejen praktickou, ale tak\u00e9 estetickou funkci. D\u016fle\u017eit\u00fdm faktorem je, \u017ee d\u0159evo se d\u00e1 skv\u011ble p\u0159izp\u016fsobit nejen jako konstruk\u010dn\u00edm \u0159e\u0161en\u00edm, ale tak\u00e9 i povrchovou \u00fapravou. Proto jsou d\u0159ev\u011bn\u00e1 madla nejpou\u017e\u00edvan\u011bj\u0161\u00edm prvkem.Schody, schodi\u0161t\u011b a z\u00e1bradl\u00ed montuj\u00ed nejen po cel\u00e9 \u010cesk\u00e9 republice, ale tak\u00e9 vyv\u00e1\u017e\u00ed i do jin\u00fdch zem\u00ed, jako je Slovensko, Anglie, Kazachst\u00e1n, Rakousko a N\u011bmecko. K jejich v\u00fdrobk\u016fm maj\u00ed d\u016fv\u011b\u0159iv\u00fd vztah, proto z\u00e1ruka t\u011bchto schodi\u0161\u0165 je 5 let, tedy 60 m\u011bs\u00edc\u016f. Firma m\u00e1 bohatou nab\u00eddku v\u0161eho, co schody obn\u00e1\u0161\u00ed, proto je to skv\u011bl\u00e1 volba tohoto truhl\u00e1\u0159stv\u00ed.                                                                                                                                                                                                                                                                                                                                                                                         4.6\/5 - (5 votes)        "},{"@context":"https:\/\/schema.org\/","@type":"BreadcrumbList","itemListElement":[{"@type":"ListItem","position":1,"name":"Estetick\u00e9 schodi\u0161t\u011b, kter\u00e9 zaujme v\u0161echny","item":"https:\/\/www.rypson.cz\/esteticke-schodiste-ktere-zaujme-vsechny\/#breadcrumbitem"}]}]